{"id":1531,"date":"2012-08-17T15:29:49","date_gmt":"2012-08-17T20:29:49","guid":{"rendered":"http:\/\/jenzera.org\/web\/?p=1531"},"modified":"2012-08-18T09:49:21","modified_gmt":"2012-08-18T14:49:21","slug":"resolucion-de-vitonco","status":"publish","type":"post","link":"http:\/\/jenzera.org\/?p=1531","title":{"rendered":"Resoluci\u00f3n de Vitonc\u00f3"},"content":{"rendered":"<div>\n<address><strong><a href=\"http:\/\/jenzera.org\/web\/wp-content\/uploads\/2012\/08\/La-Mar\u00eda-3.png\"><img loading=\"lazy\" class=\"alignleft size-medium wp-image-1534\" title=\"La Mar\u00eda 3\" src=\"http:\/\/jenzera.org\/web\/wp-content\/uploads\/2012\/08\/La-Mar\u00eda-3-300x203.png\" alt=\"\" width=\"300\" height=\"203\" srcset=\"http:\/\/jenzera.org\/web\/wp-content\/uploads\/2012\/08\/La-Mar\u00eda-3-300x203.png 300w, http:\/\/jenzera.org\/web\/wp-content\/uploads\/2012\/08\/La-Mar\u00eda-3.png 421w\" sizes=\"(max-width: 300px) 100vw, 300px\" \/><\/a><\/strong><span style=\"color: #0000ff;\">Hace 27 a\u00f1os,\u00a0las autoridades ind\u00edgenas del Cauca, acordaron la siguiente resoluci\u00f3n. Pensamos\u00a0que hoy, todos los actores del conflicto (armados y desarmados) deber\u00edan conocerla o recordarla.<\/span><\/address>\n<address><strong><em><\/em><\/strong><\/address>\n<address><strong><em><\/em><\/strong><\/address>\n<address><strong><em><\/em><\/strong><\/address>\n<address><strong><em><\/em><\/strong><\/address>\n<address><strong><em>Cuarenta y cinco cabildos ind\u00edgenas del Cauca reunidos en Junta Directiva del Consejo Regional Ind\u00edgena del Cauca en el resguardo de Vitonc\u00f3 en Tierradentro, los d\u00edas 21, 22, 23 y 24 de febrero de 1985, a los 14 a\u00f1os de la fundaci\u00f3n del CRIC, y<\/em><\/strong><\/address>\n<\/div>\n<div>\n<p style=\"text-align: center;\"><strong>considerando:<\/strong><\/p>\n<p><strong>PRIMERO.<\/strong> La delicada situaci\u00f3n por la que atraviesan las zonas ind\u00edgenas del Cauca debido a la presencia militar, tanto del ej\u00e9rcito y polic\u00eda como de los grupos armados ajenos a nuestras comunidades, presencia militar que no tiene que ver mucho con nuestros problemas y que tiende a agudizarse en la medida en que puede desencadenar una guerra entre las partes en conflicto, guerra en la cual nuestras comunidades sufrir\u00edan las m\u00e1s graves consecuencias.<\/p>\n<p><strong>SEGUNDO.<\/strong> La inflexibilidad del Gobierno y sus organismos de no entrar a buscar soluciones dialogadas y pacificas a nuestros problemas de tierras, educaci\u00f3n, salud, etc, posici\u00f3n que se ha radicalizado m\u00e1s si vemos que las amenazas, atropellos y desalojos se han multiplicado en los \u00faltimos meses y que se ejemplarizan en el asesinato de nuestros compa\u00f1eros, \u00faltimamente en la persona del sacerdote y compa\u00f1ero Alvaro Ulcu\u00e9 Chocu\u00e9 y en el desalojo de la recuperaci\u00f3n de L\u00f3pez Adentro, en donde a 150 familias se les quemaron sus viviendas y se les arrasaron 300 hect\u00e1reas de cultivos, producto de diez meses de esfuerzo y trabajo.<\/p>\n<p><strong>TERCERO.<\/strong> El problema de linderos entre algunos Resguardos y conflictos internos entre algunas comunidades, empresas comunitarias y comuneros, que ponen en peligro la unidad que tanto ha caracterizado a nuestra Organizaci\u00f3n y frente a la cual han fracasado muchos intentos divisionistas y posiciones sectarias de grupos y partidos, tanto tradicionales como revolucionarios, unidad que es necesaria si queremos continuar con \u00e9xito nuestras luchas.<\/p>\n<p><strong>CUARTO.<\/strong> La situaci\u00f3n de abandono, miseria y opresi\u00f3n en que se encuentran la mayor\u00eda de los Resguardos del Cauca, producto tambi\u00e9n de la falta de consulta e imposici\u00f3n de pol\u00edticas impulsadas por personas de reconocida trayectoria anti popular y anti ind\u00edgena,<\/p>\n<p style=\"text-align: center;\"><strong>resuelve aprobar las siguientes proposiciones:<\/strong><\/p>\n<p><strong>PRIMERO.<\/strong> Recalcar y hacer valer por todos los medios que est\u00e9n al alcance de los Resguardos, el <strong>derecho a la autonom\u00eda, <\/strong>es decir, el derecho que los Cabildos y las comunidades tienen de controlar, vigilar y organizar su vida social y pol\u00edtica al interior de los Resguardos y de rechazar las pol\u00edticas impuestas de afuera, vengan de donde vengan.<\/p>\n<p>Esta autonom\u00eda se hace extensiva no s\u00f3lo frente a personas y entidades gubernamentales, privadas y semiprivadas, que han venido decidiendo aspectos econ\u00f3micos, sociales, culturales, pol\u00edticos y religiosos en zonas de resguardo, sin consultar a nuestras comunidades y a sus leg\u00edtimos representantes, los cabildos, como tambi\u00e9n a las organizaciones que vienen realizando actividades que son de competencia de los Cabildos y a las organizaciones armadas que hacen presencia en nuestros territorios<\/p>\n<p>Nosotros, como representantes de los cabildos, no aceptamos imposiciones. Es nuestro sentir seguir recuperando las tierras de nuestros resguardos de acuerdo al primer punto de nuestro programa de lucha y amparados en la Ley 89 de 1890 y otras disposiciones legales del gobierno de Colombia. No aceptamos, entonces, que alg\u00fan grupo armado venga a indicarnos a qui\u00e9nes debemos recuperar las tierras y a qui\u00e9nes no, y a quienes debemos segregar las tierras y a qui\u00e9nes no. Esto lo deciden las mismas comunidades, de acuerdo a sus necesidades y de acuerdo a sus derechos. Este es, entonces, y aqu\u00ed lo repetimos nuevamente en esta junta directiva, un asunto interno que compete \u00fanicamente a las comunidades y a sus cabildos. Igualmente lo referente a castigos por actos delictivos. Esto les concierne a los cabildos, que tienen por ley la facultad de castigar a sus comuneros de acuerdo a las costumbres que tenga la comunidad. Recomendamos pues a todos los grupos pol\u00edticos y militares hacer una lectura cuidadosa de la Ley 89 de 1890, para que no se repitan los atropellos que han sido denunciados y que fueron consignados en el Acta de Andaluc\u00eda (Caldono) y que aqu\u00ed, en esta junta directiva, fueron recordados por los cabildantes de San Francisco, Yaquiv\u00e1, San Andr\u00e9s de Pisimbal\u00e1 y Canoas.<\/p>\n<p>Igualmente recomendamos a estas organizaciones hacer una atenta lectura de los siete puntos de nuestro programa de lucha, que dieron origen al CRIC hace exactamente 14 a\u00f1os en Toribio.<\/p>\n<p><strong>SEGUNDO.<\/strong> Exigir tambi\u00e9n que todas las organizaciones respeten las recuperaciones de tierra y no se utilicen las posibles contradicciones que surgen dentro de la lucha para penetrar en los Resguardos y generar divisiones. Es al Cabildo al que le concierne dirimir los posibles conflictos que surjan de la lucha por la tierra.<\/p>\n<p>No rechazar de plano ninguna solicitud o proposici\u00f3n de trabajo que se haga a nuestras comunidades, pues sabemos que es el Gobierno el responsable de la situaci\u00f3n de miseria y abandono en que se encuentran nuestros Resguardos, y seguiremos exigiendo del Estado los recursos necesarios para adelantar programas en nuestras comunidades. Lo que s\u00ed exigimos es que estos recursos se pongan a disposici\u00f3n de las comunidades, y sobre ellos los cabildos ejerzan una fiscal\u00eda, y que los proyectos que se piensen adelantar sean consultados, aprobados y tengan la vigilancia y el control de las comunidades.<\/p>\n<p>Exigir tambi\u00e9n de las organizaciones pol\u00edticas, sean \u00e9stas armadas o no, que soliciten a los respectivos Cabildos el permiso para hacer reuniones y que \u00e9ste se solicite con suficiente tiempo para que los Cabildos puedan consultar a sus comunidades sobre esta solicitud, pues son las comunidades las que se benefician o se perjudican y son las que en \u00faltimas tienen la decisi\u00f3n, como es usual en todas las democracias.<\/p>\n<p>En caso de aceptaci\u00f3n, la participaci\u00f3n debe ser voluntaria y ning\u00fan comunero puede ser obligado en contra de su voluntad a participar de actos o reuniones a las cuales no desee asistir.<\/p>\n<p>Exigir el respeto a la decisi\u00f3n del Cabildo si \u00e9ste, por razones de orden mayor y defendiendo el inter\u00e9s de la comunidad, les posterga o aun les niega el permiso.\u00a0 A esta reuni\u00f3n de Junta Directiva se presentaron improvisadamente dos grupos armados, el Comando Quint\u00edn Lame y el Sexto Frente de las FARC. Es meritorio constatar que esta pol\u00edtica de autonom\u00eda expresada por nuestros Cabildos ha encontrado eco, y el comando Quint\u00edn Lame se pronunci\u00f3 en favor de ella. Esperamos que los dem\u00e1s grupos armados sigan su ejemplo y no se sigan repitiendo los ya conocidos y denunciados atropellos.<\/p>\n<p>Se recomienda exigir la autonom\u00eda, pero es m\u00e1s importante crear los mecanismos para que \u00e9sta pueda ser exitosamente exigida. Esto se logra \u00fanicamente fortaleciendo los Cabildos, para evitar que otras organizaciones los vayan desplazando como autoridades de los Resguardos.<\/p>\n<p><strong>TERCERO.<\/strong> Seguir exigiendo por todos los medios que est\u00e9n al alcance de los Cabildos y nuestra Organizaci\u00f3n que el Gobierno abandone la Pol\u00edtica de represi\u00f3n a nuestras comunidades y que, por el contrario, entre a combatir a las fuerzas que desde el mismo Gobierno vienen impulsando pol\u00edticas represivas y violentas para defender intereses de terratenientes que tienen posesiones de tierras en los Resguardos.<\/p>\n<p>Exigimos tambi\u00e9n el esclarecimiento del asesinato del padre Alvaro Ulcu\u00e9, de los dem\u00e1s asesinatos a ind\u00edgenas de nuestra organizaci\u00f3n y se esclarezcan las circunstancias por las cuales les organismos policivos del Estado act\u00faan en nuestras comunidades, pues nuestro sentir est\u00e1 en contra de la presencia de cuarteles de polic\u00eda en las zonas ind\u00edgenas.<\/p>\n<p><strong>CUARTO.<\/strong> Que los Resguardos, comunidades, empresas comunitarias y comuneros ind\u00edgenas que tengan conflictos, acudan a sus cabildos para arreglar estos asuntos. Cuando el conflicto sea mayor y se encuentren implicadas una o varias comunidades, se recomienda solicitar la ayuda y el apoyo de los Cabildos vecinos, para que reunidos en Consejo den un juicio justo y favorable a las dos partes, para que as\u00ed se sustente una soluci\u00f3n duradera. Se recomienda tambi\u00e9n, buscar el apoyo y asesor\u00eda del Comit\u00e9 Ejecutivo y los responsables del CRIC en las zonas. En ning\u00fan momento se debe buscar el apoyo de organizaciones ajenas a nuestros resguardos para dirimir conflictos de las comunidades. Esto es competencia \u00fanica de los cabildos con el apoyo y la asesor\u00eda de los responsables zonales del CRIC. Nuestra experiencia nos ha demostrado que la intervenci\u00f3n de organizaciones ajenas en este tipo de conflictos, m\u00e1s que solucionar positivamente los mismos, los han profundizado y creado heridas a los Resguardos que han durado a\u00f1os en sanar.<\/p>\n<p><strong>Nota aclaratoria:<\/strong> La mesa directiva elegida para la reuni\u00f3n de Junta Directiva deplora la ausencia del Cabildo de Guamb\u00eda durante la intervenci\u00f3n del Gobernador de Ambal\u00f3. Se perdi\u00f3 una buena oportunidad para que los Cabildos dieran su concepto frente al conflicto que tienen estos dos Resguardos. La mesa directiva aclara que, seg\u00fan el orden de exposiciones, los informes de Guamb\u00eda y Ambal\u00f3 estaban programados para el d\u00eda 23 en horas de la ma\u00f1ana y que deplora que el Cabildo de Guamb\u00eda haya tenido que ausentarse el d\u00eda 23. El Gobernador de Guamb\u00eda, corno se supo posteriormente, hab\u00eda informado sobre este inconveniente. Esta raz\u00f3n no lleg\u00f3 a la mesa directiva, pues en caso contrario se hubiera alterado el orden de los informes d\u00e1ndoles prioridad a los Gobernadores de Guamb\u00eda y Ambal\u00f3.<\/p>\n<p>Para constancia de su aprobaci\u00f3n se firma esta Acta en el resguardo de Vitonc\u00f3, el d\u00eda veinticuatro de febrero de mil novecientos ochenta y cinco.<\/p>\n<p>Resguardo de Ambal\u00f3 &#8211; Resguardo de Caldono &#8211; Resguardo de Pueblo Nuevo &#8211; Resguardo San Andr\u00e9s de Pisimbal\u00e1<\/p>\n<\/div>\n<div>\n<p>Resguardo de Purac\u00e9 &#8211; Resguardo de Totor\u00f3 &#8211; Resguardo de Vitonc\u00f3 &#8211; Resguardo de Jambal\u00f3 &#8211; Resguardo de Chinas<\/p>\n<p>Resguardo de Honduras &#8211; Resguardo de Mosoco &#8211; Resguardo de Lame &#8211; Resguardo de Wila &#8211; Resguardo de Paniquit\u00e1<\/p>\n<p>Resguardo de Guambia &#8211; Resguardo de Caloto &#8211; Resguardo de las Delicias &#8211; Resguardo de Suin &#8211; Resguardo de T\u00f3ez<\/p>\n<p>Resguardo de Tumbich\u00facue &#8211; Resguardo de Guanacas &#8211; Resguardo de Togoima &#8211; Resguardo de Canoas<\/p>\n<p>Resguardo de La Concepci\u00f3n &#8211; Resguardo de Belalc\u00e1zar &#8211; Resguardo de Santa Rosa &#8211; Comunidad de La Laguna-Siberia<\/p>\n<p>Resguardo de Tacuey\u00f3 &#8211; Resguardo Torib\u00edo &#8211; Resguardo de Corinto &#8211; Resguardo de Paletar\u00e1 &#8211; Resguardo de T\u00e1laga<\/p>\n<p>Resguardo de Coconuco &#8211; Resguardo de Quintana &#8211; Resguardo de San Jos\u00e9 &#8211; Resguardo de San Antonio-La Aguada<\/p>\n<p>Resguardo de Avirama &#8211; Resguardo de la Aurora &#8211; Resguardo de Cohetando &#8211; Resguardo de San Francisco<\/p>\n<p>Resguardo de Pitay\u00f3 &#8211; Resguardo de Poblaz\u00f3n Resguardo de Yaquiv\u00e1 &#8211; Comunidad de L\u00f3pez Adentro<\/p>\n<p>Comunidad del Guabito<\/p>\n<\/div>\n","protected":false},"excerpt":{"rendered":"<p>Hace 27 a\u00f1os,\u00a0las autoridades ind\u00edgenas del Cauca, acordaron la siguiente resoluci\u00f3n. Pensamos\u00a0que hoy, todos los actores del conflicto (armados y desarmados) deber\u00edan conocerla o recordarla. Cuarenta y cinco cabildos ind\u00edgenas del Cauca reunidos en Junta Directiva del Consejo Regional Ind\u00edgena &hellip; <a href=\"http:\/\/jenzera.org\/?p=1531\">Continue reading <span class=\"meta-nav\">&rarr;<\/span><\/a><\/p>\n","protected":false},"author":4,"featured_media":0,"comment_status":"open","ping_status":"open","sticky":false,"template":"","format":"standard","meta":[],"categories":[13,15],"tags":[],"jetpack_featured_media_url":"","_links":{"self":[{"href":"http:\/\/jenzera.org\/index.php?rest_route=\/wp\/v2\/posts\/1531"}],"collection":[{"href":"http:\/\/jenzera.org\/index.php?rest_route=\/wp\/v2\/posts"}],"about":[{"href":"http:\/\/jenzera.org\/index.php?rest_route=\/wp\/v2\/types\/post"}],"author":[{"embeddable":true,"href":"http:\/\/jenzera.org\/index.php?rest_route=\/wp\/v2\/users\/4"}],"replies":[{"embeddable":true,"href":"http:\/\/jenzera.org\/index.php?rest_route=%2Fwp%2Fv2%2Fcomments&post=1531"}],"version-history":[{"count":10,"href":"http:\/\/jenzera.org\/index.php?rest_route=\/wp\/v2\/posts\/1531\/revisions"}],"predecessor-version":[{"id":1538,"href":"http:\/\/jenzera.org\/index.php?rest_route=\/wp\/v2\/posts\/1531\/revisions\/1538"}],"wp:attachment":[{"href":"http:\/\/jenzera.org\/index.php?rest_route=%2Fwp%2Fv2%2Fmedia&parent=1531"}],"wp:term":[{"taxonomy":"category","embeddable":true,"href":"http:\/\/jenzera.org\/index.php?rest_route=%2Fwp%2Fv2%2Fcategories&post=1531"},{"taxonomy":"post_tag","embeddable":true,"href":"http:\/\/jenzera.org\/index.php?rest_route=%2Fwp%2Fv2%2Ftags&post=1531"}],"curies":[{"name":"wp","href":"https:\/\/api.w.org\/{rel}","templated":true}]}}